{"id":9410,"date":"2015-11-21T01:38:21","date_gmt":"2015-11-21T00:38:21","guid":{"rendered":"http:\/\/vozcomoarma.noblogs.org\/?p=9410"},"modified":"2015-11-21T01:38:21","modified_gmt":"2015-11-21T00:38:21","slug":"cargas-policiales-y-detenciones-en-la-manifestacion-anarquista-contra-el-fascismo-y-la-democracia-en-ciudad-universitaria-madrid-con-motivo-del-20-n","status":"publish","type":"post","link":"https:\/\/vozcomoarma.noblogs.org\/?p=9410","title":{"rendered":"Cargas policiales y detenciones en la manifestaci\u00f3n anarquista contra el Fascismo y la Democracia en Ciudad Universitaria, Madrid, con motivo del 20-N"},"content":{"rendered":"<p style=\"text-align: justify\">Seis personas fueron detenidas en la manifestaci\u00f3n realizada hoy\u00a020-N por la ma\u00f1ana en Ciudad Universitaria, Madrid. Convocada por las Juventudes Libertarias de Madrid y secundada por grupos e individualidads anarquistas y antiautoritarias de toda la ciudad, la manifestaci\u00f3n bajo el lema \u00abNi fascismo ni Democracia\u00bb pretend\u00eda no s\u00f3lo mostrar la repulsa hacia cualquier celebraci\u00f3n del r\u00e9gimen fascista en la fecha donde se cumple un a\u00f1o m\u00e1s desde la muerte del dictador Francisco Franco, sino sobre todo denunciar la Democracia que sirvi\u00f3 a la clase dominante para instaurar un nuevo orden con el cual seguir manteniendo sus privilegios y estructuras, en un mundo donde la autoridad y la represi\u00f3n contin\u00faan aplastando cualquier germen de rebeld\u00eda o desobediencia, y donde la riqueza de unxs pocxs sigue construy\u00e9ndose sobre la miseria de todxs.<\/p>\n<p style=\"text-align: justify\">Para el pr\u00f3ximo domingo 22 se ha convocado una concentraci\u00f3n solidaria con lxs compas detenidxs, que tendr\u00e1 lugar en la Plaza de Tirso de Molina a las 12:00, aprovechando el rastro de distris y puestos pol\u00edticos semanal.<\/p>\n<p style=\"text-align: justify\">Por mi parte, toda la solidaridad y el apoyo a las compas detenidas y a lxs compas que sufrieron esta en\u00e9sima agresi\u00f3n por parte de lxs bastardxs policiales de este Estado que presume de ser adalid y s\u00edmbolo de bienestar y libertades.<\/p>\n<p style=\"text-align: justify\">Porque nada diferencia a los maderos de su dictadura de lxs miserables que nos reprimen hoy.\u00a0\u00a1Ni Fascismo ni Democracia!\u00a0\u00a1Muerte al Estado, sea cual sea su modalidad gestora!<br \/>\n\u00a1Por la anarqu\u00eda y la recuperaci\u00f3n de nuestras vidas!<\/p>\n<p style=\"text-align: justify\">Sigue a continuaci\u00f3n una nota informativa recibida en el correo electr\u00f3nico:<\/p>\n<p style=\"text-align: justify\">&#8212;&#8212;&#8212;&#8212;&#8212;&#8212;&#8212;&#8212;&#8212;&#8212;&#8212;&#8212;<\/p>\n<p style=\"text-align: justify\"><em>Seis personas, cinco miembros de Juventudes Libertarias y algunas del Sindicato de Oficios Varios de CNT-AIT Madrid han sido detenidxs hoy en la manifestaci\u00f3n del 20-N en Ciudad Universitaria.<\/em><\/p>\n<p style=\"text-align: justify\"><em>Los mercenarios del estado han cargado en el transcurso de la manifestaci\u00f3n. Durante las cargas y forcejeos, varias compa\u00f1eras han resultado heridas, entre ellas las personas detenidas.<\/em><\/p>\n<p style=\"text-align: justify\"><em><strong>\u00a1LIBERTAD ANARQUISTAS DETENIDAS!<br \/>\n<\/strong><strong>\u00a1NUESTRA MEJOR ARMA LA SOLIDARIDAD!<\/strong><\/em><\/p>\n<p style=\"text-align: justify\"><em><strong>CONCENTRACI\u00d3N DOMINGO 22-N, 12h<br \/>\n<\/strong><strong>PLAZA TIRSO DE MOLINA<\/strong><\/em><\/p>\n","protected":false},"excerpt":{"rendered":"<p>Seis personas fueron detenidas en la manifestaci\u00f3n realizada hoy\u00a020-N por la ma\u00f1ana en Ciudad Universitaria, Madrid. Convocada por las Juventudes Libertarias de Madrid y secundada por grupos e individualidads anarquistas y antiautoritarias de toda la ciudad, la manifestaci\u00f3n bajo el &hellip; <a href=\"https:\/\/vozcomoarma.noblogs.org\/?p=9410\">Sigue leyendo <span class=\"meta-nav\">&rarr;<\/span><\/a><\/p>\n","protected":false},"author":7045,"featured_media":0,"comment_status":"closed","ping_status":"open","sticky":false,"template":"","format":"standard","meta":{"footnotes":""},"categories":[58,59,61,9],"tags":[14,16,67,42,24,19,11],"class_list":["post-9410","post","type-post","status-publish","format-standard","hentry","category-acciones","category-convocatorias","category-noticias","category-noticias-y-comunicados","tag-anti-fascismo","tag-guerra-social","tag-madrid","tag-movimientos-sociales","tag-reflexion","tag-represion","tag-solidaridad"],"_links":{"self":[{"href":"https:\/\/vozcomoarma.noblogs.org\/index.php?rest_route=\/wp\/v2\/posts\/9410","targetHints":{"allow":["GET"]}}],"collection":[{"href":"https:\/\/vozcomoarma.noblogs.org\/index.php?rest_route=\/wp\/v2\/posts"}],"about":[{"href":"https:\/\/vozcomoarma.noblogs.org\/index.php?rest_route=\/wp\/v2\/types\/post"}],"author":[{"embeddable":true,"href":"https:\/\/vozcomoarma.noblogs.org\/index.php?rest_route=\/wp\/v2\/users\/7045"}],"replies":[{"embeddable":true,"href":"https:\/\/vozcomoarma.noblogs.org\/index.php?rest_route=%2Fwp%2Fv2%2Fcomments&post=9410"}],"version-history":[{"count":1,"href":"https:\/\/vozcomoarma.noblogs.org\/index.php?rest_route=\/wp\/v2\/posts\/9410\/revisions"}],"predecessor-version":[{"id":9411,"href":"https:\/\/vozcomoarma.noblogs.org\/index.php?rest_route=\/wp\/v2\/posts\/9410\/revisions\/9411"}],"wp:attachment":[{"href":"https:\/\/vozcomoarma.noblogs.org\/index.php?rest_route=%2Fwp%2Fv2%2Fmedia&parent=9410"}],"wp:term":[{"taxonomy":"category","embeddable":true,"href":"https:\/\/vozcomoarma.noblogs.org\/index.php?rest_route=%2Fwp%2Fv2%2Fcategories&post=9410"},{"taxonomy":"post_tag","embeddable":true,"href":"https:\/\/vozcomoarma.noblogs.org\/index.php?rest_route=%2Fwp%2Fv2%2Ftags&post=9410"}],"curies":[{"name":"wp","href":"https:\/\/api.w.org\/{rel}","templated":true}]}}