{"id":9441,"date":"2015-11-21T19:54:30","date_gmt":"2015-11-21T18:54:30","guid":{"rendered":"http:\/\/vozcomoarma.noblogs.org\/?p=9441"},"modified":"2015-11-22T00:21:57","modified_gmt":"2015-11-21T23:21:57","slug":"chile-sobre-el-ataque-explosivo-contra-la-escuela-de-formacion-penitenciaria-de-gendarmeria-en-la-comuna-de-san-bernardo","status":"publish","type":"post","link":"https:\/\/vozcomoarma.noblogs.org\/?p=9441","title":{"rendered":"Chile &#8211; Sobre el ataque explosivo contra la Escuela de Formaci\u00f3n Penitenciaria de Gendarmer\u00eda en la comuna de San Bernardo."},"content":{"rendered":"<p style=\"text-align: justify\">Ayer difund\u00ed en este blog<a href=\"https:\/\/vozcomoarma.noblogs.org\/?p=9413\"> la nefasta noticia de que dos nuevos compa\u00f1eros han sido detenidos en Chile<\/a>,\u00a0acusados de tomar parte o estar vinculados a diversas acciones de sabotaje. Una de las acciones con las cuales se relaciona a los dos compa\u00f1eros es la colocaci\u00f3n y detonaci\u00f3n de un artefacto explosivo en un port\u00f3n de la\u00a0Escuela de Formaci\u00f3n Penitenciaria del departamento de Gendarmer\u00eda (carcelerxs), la cual consigui\u00f3 causar da\u00f1os diversos en el recinto aunque no logr\u00f3 herir a nadie.<\/p>\n<p style=\"text-align: justify\">Ahora, recibo desde alg\u00fan lugar de Chile por parte de lxs compas de <a href=\"http:\/\/noticiasdelaguerrasocial.wordpress.com\">Noticias de la Guerra Social<\/a>\u00a0esta noticia (ojo, NO es una reivindicaci\u00f3n, sino simplemente una nota informativa sobre este hecho concreto) que aporta m\u00e1s informaci\u00f3n sobre el desarrollo de esta acci\u00f3n, la cual se realiz\u00f3 el pasado 19 de noviembre de madrugada:<\/p>\n<p style=\"text-align: justify\">&#8212;&#8212;&#8212;&#8212;&#8212;&#8212;&#8212;&#8212;&#8212;&#8212;&#8212;&#8212;&#8211;<\/p>\n<p style=\"text-align: justify\" align=\"JUSTIFY\"><em>Durante la madrugada, cerca de las 03:30 del 19 de Noviembre del 2015 un fuerte estruendo sorprende al bastardo carcelero que se encontraba de guardia en la Escuela de Formaci\u00f3n Penitenciaria de Gendarmer\u00eda.<\/em><\/p>\n<p style=\"text-align: justify\" align=\"JUSTIFY\"><em>Una bomba artesanal compuesta de p\u00f3lvora negra comprimida al interior de un extintor activado mediante mecha consigue detonar en el port\u00f3n lateral de la Escuela de carceleros en la comuna de San Bernardo.<\/em><\/p>\n<p style=\"text-align: justify\" align=\"JUSTIFY\"><em>El estallido no deja heridos, produciendo algunos da\u00f1os en la infraestructura del recinto. R\u00e1pidamente el Coronel Christian Alveal, director de la Escuela de Suboficiales de Gendarmer\u00eda se\u00f1al\u00f3 ante la prensa:<\/em><\/p>\n<p style=\"text-align: justify\" align=\"JUSTIFY\"><em>\u201cSiempre los grupos antisist\u00e9micos an\u00e1rquicos han amenazado a Gendarmer\u00eda, sus instalaciones y su personal y se toman permanentemente medidas de resguardo para evitar efectivamente que hechos como estos tengan personas y da\u00f1o a las instalaciones.\u201d<\/em><\/p>\n<p style=\"text-align: justify\" align=\"JUSTIFY\"><em>Por su parte, el vicepresidente Jorge Burgos sostuvo que \u00abel proceso investigativo va en plena marcha y entiendo que ha arrojado policialmente buenos resultados. Esta acci\u00f3n no va a quedar impune, que es lo importante\u00bb.<\/em><\/p>\n<p style=\"text-align: justify\" align=\"JUSTIFY\"><em>Tras la explosi\u00f3n es detenido el compa\u00f1ero Kevin Garrido en las inmediaciones del sector por parte de la DIPOLCAR, qui\u00e9n tambi\u00e9n detuvo a Joaqu\u00edn Garc\u00eda acusados de este ataque y del atentado frustrado contra la 12\u00b0 Comisaria. Ambos quedaron en prisi\u00f3n preventiva.<\/em><\/p>\n<p style=\"text-align: justify\" align=\"JUSTIFY\"><a href=\"https:\/\/vozcomoarma.noblogs.org\/files\/2015\/11\/gensanbern01.jpg\"><img loading=\"lazy\" decoding=\"async\" class=\"aligncenter wp-image-9442 size-full\" src=\"https:\/\/vozcomoarma.noblogs.org\/files\/2015\/11\/gensanbern01.jpg\" alt=\"gensanbern01\" width=\"562\" height=\"393\" srcset=\"https:\/\/vozcomoarma.noblogs.org\/files\/2015\/11\/gensanbern01.jpg 562w, https:\/\/vozcomoarma.noblogs.org\/files\/2015\/11\/gensanbern01-300x210.jpg 300w\" sizes=\"auto, (max-width: 562px) 100vw, 562px\" \/><\/a> <a href=\"https:\/\/vozcomoarma.noblogs.org\/files\/2015\/11\/gensanbern02.jpg\"><img loading=\"lazy\" decoding=\"async\" class=\"aligncenter wp-image-9443 size-full\" src=\"https:\/\/vozcomoarma.noblogs.org\/files\/2015\/11\/gensanbern02.jpg\" alt=\"gensanbern02\" width=\"694\" height=\"393\" srcset=\"https:\/\/vozcomoarma.noblogs.org\/files\/2015\/11\/gensanbern02.jpg 694w, https:\/\/vozcomoarma.noblogs.org\/files\/2015\/11\/gensanbern02-300x170.jpg 300w\" sizes=\"auto, (max-width: 694px) 100vw, 694px\" \/><\/a> <a href=\"https:\/\/vozcomoarma.noblogs.org\/files\/2015\/11\/gensanbern03.jpg\"><img loading=\"lazy\" decoding=\"async\" class=\"aligncenter wp-image-9444 size-full\" src=\"https:\/\/vozcomoarma.noblogs.org\/files\/2015\/11\/gensanbern03.jpg\" alt=\"gensanbern03\" width=\"593\" height=\"393\" srcset=\"https:\/\/vozcomoarma.noblogs.org\/files\/2015\/11\/gensanbern03.jpg 593w, https:\/\/vozcomoarma.noblogs.org\/files\/2015\/11\/gensanbern03-300x199.jpg 300w\" sizes=\"auto, (max-width: 593px) 100vw, 593px\" \/><\/a> <a href=\"https:\/\/vozcomoarma.noblogs.org\/files\/2015\/11\/gensanbern04.jpg\"><img loading=\"lazy\" decoding=\"async\" class=\"aligncenter wp-image-9445 size-full\" src=\"https:\/\/vozcomoarma.noblogs.org\/files\/2015\/11\/gensanbern04.jpg\" alt=\"gensanbern04\" width=\"599\" height=\"393\" srcset=\"https:\/\/vozcomoarma.noblogs.org\/files\/2015\/11\/gensanbern04.jpg 599w, https:\/\/vozcomoarma.noblogs.org\/files\/2015\/11\/gensanbern04-300x197.jpg 300w\" sizes=\"auto, (max-width: 599px) 100vw, 599px\" \/><\/a>\u00a0 \u00a0<a href=\"https:\/\/vozcomoarma.noblogs.org\/files\/2015\/11\/gensanbern16.jpg\"><img loading=\"lazy\" decoding=\"async\" class=\"wp-image-9457 size-full aligncenter\" src=\"https:\/\/vozcomoarma.noblogs.org\/files\/2015\/11\/gensanbern16.jpg\" alt=\"gensanbern16\" width=\"554\" height=\"393\" srcset=\"https:\/\/vozcomoarma.noblogs.org\/files\/2015\/11\/gensanbern16.jpg 554w, https:\/\/vozcomoarma.noblogs.org\/files\/2015\/11\/gensanbern16-300x213.jpg 300w\" sizes=\"auto, (max-width: 554px) 100vw, 554px\" \/><\/a><\/p>\n","protected":false},"excerpt":{"rendered":"<p>Ayer difund\u00ed en este blog la nefasta noticia de que dos nuevos compa\u00f1eros han sido detenidos en Chile,\u00a0acusados de tomar parte o estar vinculados a diversas acciones de sabotaje. Una de las acciones con las cuales se relaciona a los &hellip; <a href=\"https:\/\/vozcomoarma.noblogs.org\/?p=9441\">Sigue leyendo <span class=\"meta-nav\">&rarr;<\/span><\/a><\/p>\n","protected":false},"author":7045,"featured_media":0,"comment_status":"closed","ping_status":"open","sticky":false,"template":"","format":"standard","meta":{"footnotes":""},"categories":[58,253,252,61,9,7],"tags":[78,16,26,19,10],"class_list":["post-9441","post","type-post","status-publish","format-standard","hentry","category-acciones","category-joaquin-garcia","category-kevin-garrido","category-noticias","category-noticias-y-comunicados","category-presxs","tag-chile","tag-guerra-social","tag-insurreccionalismo","tag-represion","tag-sabotaje"],"_links":{"self":[{"href":"https:\/\/vozcomoarma.noblogs.org\/index.php?rest_route=\/wp\/v2\/posts\/9441","targetHints":{"allow":["GET"]}}],"collection":[{"href":"https:\/\/vozcomoarma.noblogs.org\/index.php?rest_route=\/wp\/v2\/posts"}],"about":[{"href":"https:\/\/vozcomoarma.noblogs.org\/index.php?rest_route=\/wp\/v2\/types\/post"}],"author":[{"embeddable":true,"href":"https:\/\/vozcomoarma.noblogs.org\/index.php?rest_route=\/wp\/v2\/users\/7045"}],"replies":[{"embeddable":true,"href":"https:\/\/vozcomoarma.noblogs.org\/index.php?rest_route=%2Fwp%2Fv2%2Fcomments&post=9441"}],"version-history":[{"count":2,"href":"https:\/\/vozcomoarma.noblogs.org\/index.php?rest_route=\/wp\/v2\/posts\/9441\/revisions"}],"predecessor-version":[{"id":9474,"href":"https:\/\/vozcomoarma.noblogs.org\/index.php?rest_route=\/wp\/v2\/posts\/9441\/revisions\/9474"}],"wp:attachment":[{"href":"https:\/\/vozcomoarma.noblogs.org\/index.php?rest_route=%2Fwp%2Fv2%2Fmedia&parent=9441"}],"wp:term":[{"taxonomy":"category","embeddable":true,"href":"https:\/\/vozcomoarma.noblogs.org\/index.php?rest_route=%2Fwp%2Fv2%2Fcategories&post=9441"},{"taxonomy":"post_tag","embeddable":true,"href":"https:\/\/vozcomoarma.noblogs.org\/index.php?rest_route=%2Fwp%2Fv2%2Ftags&post=9441"}],"curies":[{"name":"wp","href":"https:\/\/api.w.org\/{rel}","templated":true}]}}