{"id":9603,"date":"2015-12-12T20:03:21","date_gmt":"2015-12-12T19:03:21","guid":{"rendered":"http:\/\/vozcomoarma.noblogs.org\/?p=9603"},"modified":"2015-12-12T20:03:21","modified_gmt":"2015-12-12T19:03:21","slug":"grecia-contribucion-al-diciembre-negro-de-5-anarquistas-presos-en-la-carcel-de-koridallos","status":"publish","type":"post","link":"https:\/\/vozcomoarma.noblogs.org\/?p=9603","title":{"rendered":"Grecia &#8211; Contribuci\u00f3n al Diciembre Negro de 5 anarquistas presos en la c\u00e1rcel de Koridallos"},"content":{"rendered":"<p style=\"text-align: justify\">De <a href=\"http:\/\/325.nostate.net\/?p=18190\">325 <\/a>recojo la versi\u00f3n en ingl\u00e9s y traduzco a castellano el siguiente comunicado firmado por 5 presos anarquistas de la c\u00e1rcel de Koridallos en Atenas, Grecia, como contribuci\u00f3n para el Diciembre Negro:<\/p>\n<p style=\"text-align: justify\">&#8212;&#8212;&#8212;&#8212;&#8212;&#8212;&#8212;&#8212;&#8212;&#8212;&#8211;<\/p>\n<p style=\"text-align: justify\"><em>La delegaci\u00f3n, la frustraci\u00f3n y la internacionalizaci\u00f3n de la inacci\u00f3n son caracter\u00edsticas que ganan m\u00e1s y m\u00e1s terreno en el mundo de la lucha en su totalidad. \u00a0Y esto es algo que ya no puede ser escondido dentro de nuestros medios.\u00a0Aunque son muchas las ocasiones que se presentan, sentimos la paz social dominando y defendi\u00e9ndose cada vez m\u00e1s del CONFLICTO que podr\u00eda sacudir la apat\u00eda. Nuestras percepciones y propuestas est\u00e1n muertas si no se expresa EN LA CALLE, all\u00ed donde se suprimen los convenios y se abren las\u00a0perspectivas.<\/em><\/p>\n<p style=\"text-align: justify\"><em>La anarqu\u00eda siempre tuvo la calle como un campo de acci\u00f3n privilegiado, y esto es lo que ha hecho de la anarqu\u00eda algo tan vivo como atractivo. Manifestaciones, enfrentamientos con los maderos, barricadas, ataques a bancos y comercios, no son s\u00f3lo reflejos espectaculares de nuestra pasi\u00f3n por atacar los s\u00edmbolos de la dominaci\u00f3n, sino tambi\u00e9n la mejor oportunidad para nosotrxs de encontrarnos y probar nuestras propuestas en la pr\u00e1ctica. Creemos que la teor\u00eda nace a trav\u00e9s de la pr\u00e1ctica, porque eso es lo que conforma a la gente, transformando los t\u00e9rminos tanto materiales como conscientes de nuestra existencia.<\/em><\/p>\n<p style=\"text-align: justify\"><em>Cuando nuestra teorizaci\u00f3n produce una fragmentaci\u00f3n de nuestras fuerzas &#8211; y as\u00ed tambi\u00e9n la inacci\u00f3n &#8211; significa que tales aproximaciones te\u00f3ricas son aplicables s\u00f3lo en tontos juegos de superioridad ret\u00f3rica y constituyen una provocadora invasi\u00f3n de la cultura del espect\u00e1culo en nuestras relaciones, distorsionando su naturaleza antijer\u00e1rquica.<\/em><\/p>\n<p style=\"text-align: justify\"><em>La apuesta no va de qui\u00e9n posee la teor\u00eda perfecta, porque la realidad no puede ajustarse a nuestras representaciones mentales, s\u00f3lo puede aproximarse.<\/em><\/p>\n<p style=\"text-align: justify\"><em>La apuesta va, a trav\u00e9s de los diferentes idiomas de significados que hablamos, de entendernos mutuamente, de intercambiar fundamentos y conocimientos t\u00e9cnicos, coordinarnos con lxs dem\u00e1s y organizar nuestros ataques.<\/em><\/p>\n<p style=\"text-align: justify\"><em>Vemos el llamado a una coordinaci\u00f3n de las fuerzas revolucionarias, el llamado a un \u00abDiciembre Negro\u00bb, como una apuesta tambi\u00e9n. Un llamado que no tiene (y no deber\u00eda tener) un tono personalista, buscando ser abrazado por todo el medio radical. No atiende las demandas personales de nadie; s\u00f3lo la voluntad com\u00fan por la insurrecci\u00f3n. Y nuestra habilidad para distinguir esto es tambi\u00e9n una condici\u00f3n previa para que las divisiones pol\u00edticas puedan ser superadas en el campo del conflicto material contra el Estado.<\/em><\/p>\n<p style=\"text-align: justify\"><em>Queremos que este Diciembre nos lleve a lxs rebeldes a encontrarnos, organizarnos por nosotrxs mismxs y ATACAR. No estamos pidiendo una resurrecci\u00f3n de las rebeliones pasadas; buscamos la oportunidad de mantener el terreno del CONFLICTO abierto, all\u00ed donde la gente en las calles est\u00e1 creciendo en n\u00famero, donde la pasi\u00f3n por la violencia liberadora se encuentra con la espontaneidad o, aun mejor, con un plan organizado.<\/em><\/p>\n<p style=\"text-align: justify\"><em>Para crear momentos en el espacio-tiempo que romper\u00e1n el entumecimiento y la inacci\u00f3n que nos desarman, y nos har\u00e1 darnos cuenta de\u00a0nuestras posibilidades cuando tomames la acci\u00f3n.<\/em><\/p>\n<p style=\"text-align: justify\"><em><strong>Giorgos Karagiannidis<br \/>\nYannis Michailidis<br \/>\nFivos Harisis<br \/>\nArgyris Ntalios<br \/>\nGrigoris Sarafoudis<\/strong><\/em><\/p>\n<p style=\"text-align: justify\"><em>[Prisi\u00f3n de Koridallos, 3 de diciembre de 2015]<\/em><\/p>\n<p style=\"text-align: justify\"><a href=\"https:\/\/vozcomoarma.noblogs.org\/files\/2015\/12\/c-i-comite-invisible-a-nuestros-amigos-4.jpg\"><img loading=\"lazy\" decoding=\"async\" class=\"aligncenter wp-image-9605 \" src=\"https:\/\/vozcomoarma.noblogs.org\/files\/2015\/12\/c-i-comite-invisible-a-nuestros-amigos-4.jpg\" alt=\"c-i-comite-invisible-a-nuestros-amigos-4\" width=\"500\" height=\"652\" srcset=\"https:\/\/vozcomoarma.noblogs.org\/files\/2015\/12\/c-i-comite-invisible-a-nuestros-amigos-4.jpg 748w, https:\/\/vozcomoarma.noblogs.org\/files\/2015\/12\/c-i-comite-invisible-a-nuestros-amigos-4-230x300.jpg 230w\" sizes=\"auto, (max-width: 500px) 100vw, 500px\" \/><\/a><\/p>\n","protected":false},"excerpt":{"rendered":"<p>De 325 recojo la versi\u00f3n en ingl\u00e9s y traduzco a castellano el siguiente comunicado firmado por 5 presos anarquistas de la c\u00e1rcel de Koridallos en Atenas, Grecia, como contribuci\u00f3n para el Diciembre Negro: &#8212;&#8212;&#8212;&#8212;&#8212;&#8212;&#8212;&#8212;&#8212;&#8212;&#8211; La delegaci\u00f3n, la frustraci\u00f3n y la &hellip; <a href=\"https:\/\/vozcomoarma.noblogs.org\/?p=9603\">Sigue leyendo <span class=\"meta-nav\">&rarr;<\/span><\/a><\/p>\n","protected":false},"author":7045,"featured_media":0,"comment_status":"closed","ping_status":"open","sticky":false,"template":"","format":"standard","meta":{"footnotes":""},"categories":[58,122,61,9,7],"tags":[15,16,26,24,11],"class_list":["post-9603","post","type-post","status-publish","format-standard","hentry","category-acciones","category-caso-de-velventos-kozani-grecia","category-noticias","category-noticias-y-comunicados","category-presxs","tag-grecia","tag-guerra-social","tag-insurreccionalismo","tag-reflexion","tag-solidaridad"],"_links":{"self":[{"href":"https:\/\/vozcomoarma.noblogs.org\/index.php?rest_route=\/wp\/v2\/posts\/9603","targetHints":{"allow":["GET"]}}],"collection":[{"href":"https:\/\/vozcomoarma.noblogs.org\/index.php?rest_route=\/wp\/v2\/posts"}],"about":[{"href":"https:\/\/vozcomoarma.noblogs.org\/index.php?rest_route=\/wp\/v2\/types\/post"}],"author":[{"embeddable":true,"href":"https:\/\/vozcomoarma.noblogs.org\/index.php?rest_route=\/wp\/v2\/users\/7045"}],"replies":[{"embeddable":true,"href":"https:\/\/vozcomoarma.noblogs.org\/index.php?rest_route=%2Fwp%2Fv2%2Fcomments&post=9603"}],"version-history":[{"count":1,"href":"https:\/\/vozcomoarma.noblogs.org\/index.php?rest_route=\/wp\/v2\/posts\/9603\/revisions"}],"predecessor-version":[{"id":9606,"href":"https:\/\/vozcomoarma.noblogs.org\/index.php?rest_route=\/wp\/v2\/posts\/9603\/revisions\/9606"}],"wp:attachment":[{"href":"https:\/\/vozcomoarma.noblogs.org\/index.php?rest_route=%2Fwp%2Fv2%2Fmedia&parent=9603"}],"wp:term":[{"taxonomy":"category","embeddable":true,"href":"https:\/\/vozcomoarma.noblogs.org\/index.php?rest_route=%2Fwp%2Fv2%2Fcategories&post=9603"},{"taxonomy":"post_tag","embeddable":true,"href":"https:\/\/vozcomoarma.noblogs.org\/index.php?rest_route=%2Fwp%2Fv2%2Ftags&post=9603"}],"curies":[{"name":"wp","href":"https:\/\/api.w.org\/{rel}","templated":true}]}}