{"id":9641,"date":"2015-12-16T13:04:08","date_gmt":"2015-12-16T12:04:08","guid":{"rendered":"http:\/\/vozcomoarma.noblogs.org\/?p=9641"},"modified":"2015-12-16T13:05:30","modified_gmt":"2015-12-16T12:05:30","slug":"chile-por-la-memoria-combativa-un-diciembre-negro-palabras-de-la-compa-nataly-casanova-desde-la-carcel-de-san-miguel","status":"publish","type":"post","link":"https:\/\/vozcomoarma.noblogs.org\/?p=9641","title":{"rendered":"Chile &#8211; \u00abPor la memoria combativa, un Diciembre Negro\u00bb, palabras de la compa Nataly Casanova desde la c\u00e1rcel de San Miguel"},"content":{"rendered":"<p style=\"text-align: justify\">Lxs compas del CAVJ (Colectivo Anticarcelario Vuelo de Justicia) env\u00edan al correo electr\u00f3nico estas palabras de la compa\u00f1era presa Nataly Casanova, aportando al Diciembre Negro mediante las siguientes reflexiones en torno a la memoria combativa y la importancia de no olvidarnos de aquellas personas, compa\u00f1erxs y hermanxs conocidxs o no, cercanxs o lejanxs, que han terminado entre rejas o han perdido sus vidas luchando por lo que cre\u00edan, en su permanente b\u00fasqueda de la coherencia y la realizaci\u00f3n de sus deseos y sue\u00f1os.<\/p>\n<p style=\"text-align: justify\">La amnesia es muerte. La revuelta es la memoria viva de nuestrxs compa\u00f1erxs regresando del vac\u00edo, y ardiendo junto a nosotrxs.<\/p>\n<p style=\"text-align: justify\">&#8212;&#8212;&#8212;&#8212;&#8212;&#8212;&#8212;&#8212;&#8212;&#8212;&#8212;&#8212;&#8211;<\/p>\n<p style=\"text-align: justify\"><em>Por una memoria combativa, un diciembre negro.<\/em><\/p>\n<p align=\"JUSTIFY\"><em>La memoria combativa nos conforma como individuxs al posicionarnos como negadorxs de lo existente, desatando en nosotrxs la necesidad de hacer que el recuerdo de nuestrxs compas ca\u00eddxs vaya m\u00e1s all\u00e1 del cuestionamiento de c\u00f3mo se nos han arrebatado, m\u00e1s bien llevarles en nuestra cotidaneidad, desde diversas formas e iniciativas individuales, no entreg\u00e1ndonos a la resignaci\u00f3n de la muerte o el olvido.<\/em><\/p>\n<p align=\"JUSTIFY\"><em>Revivir sus vidas insurrectas, a trav\u00e9s de los actos, record\u00e1ndole tambi\u00e9n a quienes nos quitaron su vida, que lxs compas viven en cada unx de nosotrxs, que seguiremos repudiando el rol que han elegido como defensores del actual sistema de dominaci\u00f3n.<\/em><\/p>\n<p align=\"JUSTIFY\"><em>El guardi\u00e1n que asesin\u00f3 al Angry se ha convertido en un h\u00e9roe para la ciudadan\u00eda, que sin siquiera cuestionar el arrebato de sus vidas se hace parte de su asesinato. Este mercenario que ha honrado a su instituci\u00f3n tiene la sangre de nuestro hermano, eso lo sabemos todxs, como tambi\u00e9n sabemos que cada lacayo (defensor del orden) podr\u00eda y merece los mismos actos que Wiliam Vera, as\u00ed les podemos apreciar en sus movimientos, donde quien se ha atrevido a tocar la sagrada propiedad de lxs ricxs, sus casas, autos, tiendas y todo lo que ostentan, incluyendo el amado dinero es asesinado y\/o encerrado por sus manos. Quienes nos alejamos de las l\u00f3gicas del poder, sabemos que la p\u00e9rdida de nuestrxs hermanxs no puede ser olvidada jam\u00e1s, sus vidas est\u00e1n cargadas de sentido y belleza, convicciones y coherencia, en las que confluyen muchos deseos e inquietudes.<\/em><\/p>\n<p align=\"JUSTIFY\"><em>No s\u00f3lo en el territorio dominado por el Estado $hileno hemos visto caer a nuestrxs hermanxs posicionadxs en confrontaci\u00f3n, esta realidad se replica por todo el globo a manos de lxs perpetuadores del orden y sus lacayxs, por esto se hace parte tambi\u00e9n de la memoria el compa Alexandros Grigoropoulos, asesinado en manos de otro asqueroso polic\u00eda defensor del orden en Grecia (el paco Epameinondas Korkoneas), compa que tambi\u00e9n ha sido recuperado de la muerte, para vivir como parte de los impulsos creadores y destructores, generando la respuesta y avance insurreccional multiforme en ese territorio; atacando la normalidad que d\u00eda a d\u00eda aporta a la manutenci\u00f3n del dominio. De esa respuesta y avance surgieron bellas experiencias de lucha que tuvieron eco en muchas partes del mundo, destruyendo las fronteras del capital a trav\u00e9s de los actos, dando vida y permanencia a la lucha contra toda forma de poder y autoridad.<\/em><\/p>\n<p align=\"JUSTIFY\"><em>No seremos parte ni c\u00f3mplices de quienes nos han arrebatado la vida de nuestrxs compas, con sus armas o muros. Ni de la destrucci\u00f3n de la tierra y sus habitantes para mantener sus vidas parasitarias. A cada paso recuperamos nuestras vidas rompiendo y cuestionando la moral y cada intento de encajar nuestros pensamientos y actos. No somos sus esclavxs, ni nos encantaremos con las fantas\u00edas del consumo ni de la tecnolog\u00eda para alienar la vida.<\/em><\/p>\n<p align=\"JUSTIFY\"><em>Las inquietudes que se anidan en corazones y mentes rebeldes sedientas de libertad, negadoras de toda autoridad, son el arma m\u00e1s peligrosa. Su potencial estar\u00e1 determinado s\u00f3lo por su voluntad.<\/em><\/p>\n<p align=\"JUSTIFY\"><em>Todo mi cari\u00f1o y fuerza a la compa Sol Mal\u00e9n. A tu entereza y belleza \u00a1\u00a1est\u00e1s siempre presente!! A Freddy Fuentevilla, Marcelo Villarroel y Juan Aliste, su vida en lucha con amor y rebeli\u00f3n nos aporta fuerza \u00a1\u00a1se siente el apa\u00f1e!! A Hans Niemeyer, su fuerza y claridad \u00a1\u00a1deseando que pronto est\u00e9s con tus seres amados!!<\/em><\/p>\n<p align=\"JUSTIFY\"><em>A Alejandro Astorga, su apoyo y actitud ofensiva al capital.<\/em><\/p>\n<p align=\"JUSTIFY\"><em>A Joaqu\u00edn y Kevin, un abrazo c\u00f3mplice. Fuerza, esos bastardos no podr\u00e1n con su belleza y claridad.<\/em><\/p>\n<p align=\"JUSTIFY\"><em>A Juan Flores, Enrique Guzm\u00e1n.<\/em><\/p>\n<p align=\"JUSTIFY\"><em>A Ignacio.<\/em><\/p>\n<p align=\"JUSTIFY\"><em>A Sergio, Fabi\u00e1n, Claudio, Manuel, Felipe, Amaru, Natalia, Mar\u00eda Paz. A M\u00f3nica y Francisco. A Marco Camenisch. A Claudio Lavazza, a lxs presxs de Mejico, en Espa\u00f1a, Italia y Grecia.<\/em><\/p>\n<p align=\"JUSTIFY\"><em>A lxs compas de las CCF, n\u00facleo de prisi\u00f3n. Olga Ekonomidou, Michalis Nikolopoulos, Giorgos Nikolopoulos, Haris Hadjimihelakis, Gerasimos Tsakalos, Christos Tsakalos, Giorgos Polidoros, Panagiotis Argirou, Damiano Bolano, Theofilos Mavropoulos. A Nikos Romanos.<\/em><\/p>\n<p align=\"JUSTIFY\"><em>A cada compa presx que lucha por su libertad por sus medios.<\/em><\/p>\n<p align=\"JUSTIFY\"><em>En la memoria cada compa ca\u00eddo en confontaci\u00f3n; Mauricio Morales, Claudia L\u00f3pez, Johny Cariqueo, Mat\u00edas Catrileo, Alex Lem\u00fan, Jaime Mendoza Collio, Javier Recabarren, Jorge Saldivia, Sebasti\u00e1n Overluij, Alexandros Grigoropoulos, Xos\u00e9 Tarri\u00f3, a Severino.<\/em><\/p>\n<p align=\"JUSTIFY\"><em>Abajo los muros de la sociedad civilizada.<\/em><\/p>\n<p align=\"JUSTIFY\"><em>Nataly Casanova.<\/em><br \/>\n<em>San Miguel.<\/em><\/p>\n","protected":false},"excerpt":{"rendered":"<p>Lxs compas del CAVJ (Colectivo Anticarcelario Vuelo de Justicia) env\u00edan al correo electr\u00f3nico estas palabras de la compa\u00f1era presa Nataly Casanova, aportando al Diciembre Negro mediante las siguientes reflexiones en torno a la memoria combativa y la importancia de no &hellip; <a href=\"https:\/\/vozcomoarma.noblogs.org\/?p=9641\">Sigue leyendo <span class=\"meta-nav\">&rarr;<\/span><\/a><\/p>\n","protected":false},"author":7045,"featured_media":0,"comment_status":"closed","ping_status":"open","sticky":false,"template":"","format":"standard","meta":{"footnotes":""},"categories":[58,215,61,9,7],"tags":[35,78,15,16,26,24,19,11],"class_list":["post-9641","post","type-post","status-publish","format-standard","hentry","category-acciones","category-nataly-casanova","category-noticias","category-noticias-y-comunicados","category-presxs","tag-asesinato-de-estado","tag-chile","tag-grecia","tag-guerra-social","tag-insurreccionalismo","tag-reflexion","tag-represion","tag-solidaridad"],"_links":{"self":[{"href":"https:\/\/vozcomoarma.noblogs.org\/index.php?rest_route=\/wp\/v2\/posts\/9641","targetHints":{"allow":["GET"]}}],"collection":[{"href":"https:\/\/vozcomoarma.noblogs.org\/index.php?rest_route=\/wp\/v2\/posts"}],"about":[{"href":"https:\/\/vozcomoarma.noblogs.org\/index.php?rest_route=\/wp\/v2\/types\/post"}],"author":[{"embeddable":true,"href":"https:\/\/vozcomoarma.noblogs.org\/index.php?rest_route=\/wp\/v2\/users\/7045"}],"replies":[{"embeddable":true,"href":"https:\/\/vozcomoarma.noblogs.org\/index.php?rest_route=%2Fwp%2Fv2%2Fcomments&post=9641"}],"version-history":[{"count":3,"href":"https:\/\/vozcomoarma.noblogs.org\/index.php?rest_route=\/wp\/v2\/posts\/9641\/revisions"}],"predecessor-version":[{"id":9644,"href":"https:\/\/vozcomoarma.noblogs.org\/index.php?rest_route=\/wp\/v2\/posts\/9641\/revisions\/9644"}],"wp:attachment":[{"href":"https:\/\/vozcomoarma.noblogs.org\/index.php?rest_route=%2Fwp%2Fv2%2Fmedia&parent=9641"}],"wp:term":[{"taxonomy":"category","embeddable":true,"href":"https:\/\/vozcomoarma.noblogs.org\/index.php?rest_route=%2Fwp%2Fv2%2Fcategories&post=9641"},{"taxonomy":"post_tag","embeddable":true,"href":"https:\/\/vozcomoarma.noblogs.org\/index.php?rest_route=%2Fwp%2Fv2%2Ftags&post=9641"}],"curies":[{"name":"wp","href":"https:\/\/api.w.org\/{rel}","templated":true}]}}