{"id":9704,"date":"2015-12-23T18:00:15","date_gmt":"2015-12-23T17:00:15","guid":{"rendered":"http:\/\/vozcomoarma.noblogs.org\/?p=9704"},"modified":"2015-12-23T18:00:15","modified_gmt":"2015-12-23T17:00:15","slug":"chile-palabras-del-compa-ignacio-munoz","status":"publish","type":"post","link":"https:\/\/vozcomoarma.noblogs.org\/?p=9704","title":{"rendered":"Chile &#8211; Palabras del compa Ignacio Mu\u00f1oz"},"content":{"rendered":"<p style=\"text-align: justify\" align=\"JUSTIFY\">Recibo en el correo electr\u00f3nico las siguientes palabras del compa Ignacio Mu\u00f1oz, enviadas por compas del Colectivo Anticarcelario Vuelo de Justicia (CAVJ) desde alg\u00fan lugar de Chile. As\u00ed mismo, se incluye la nota aclaratoria adjunta al comunicado del compa, y que indica que las palabras del compa llegan ahora debido a la demora propia de los ritmos que impone la c\u00e1rcel para estas cosas, pero son anteriores a la cr\u00edtica realizada contra Ignacio Mu\u00f1oz por el compa Juan Flores, con lo que el comunicado que sigue a continuaci\u00f3n no tiene relaci\u00f3n con eso y no debe ser interpretado como una respuesta a aquello, ni nada parecido:<\/p>\n<p style=\"text-align: justify\" align=\"JUSTIFY\">&#8212;&#8212;&#8212;&#8212;&#8212;&#8212;&#8212;&#8212;&#8212;&#8212;&#8212;&#8212;&#8212;<\/p>\n<p style=\"text-align: justify\" align=\"JUSTIFY\"><strong><em>Nota aclaratoria CAVJ:<\/em><\/strong><\/p>\n<p style=\"text-align: justify\" align=\"JUSTIFY\"><strong><em>Estas letras fueron escritas por el compa\u00f1ero Ignacio unas semanas despu\u00e9s de la detenci\u00f3n de los compa\u00f1eros Kevin y Joaqu\u00edn, y antes del comunicado del compa Juan Flores recientemente publicado, m\u00e1s como ha sido la t\u00f3nica el \u00faltimo tiempo en algunas c\u00e1rceles, la comunicaci\u00f3n en torno a la prisi\u00f3n no ha sido de lo m\u00e1s r\u00e1pida y expedita como nos gustar\u00eda, por lo mismo se demoraron en atravesar los muros y ser finalmente publicadas esta semana. Hacemos la aclaraci\u00f3n para evitar que se entienda que el compa\u00f1ero pudo escribir presionado a ra\u00edz de la cr\u00edtica p\u00fablica en la que hab\u00eda sido mencionado.<\/em><\/strong><\/p>\n<p style=\"text-align: justify\" align=\"JUSTIFY\"><em>Siento la necesidad de referirme a una situaci\u00f3n espec\u00edfica y aclarar ciertas especulaciones y secretos a voces.<\/em><\/p>\n<p style=\"text-align: justify\" align=\"JUSTIFY\"><em>Desde el momento de mi detenci\u00f3n, mi c\u00edrculo m\u00e1s cercano ha sido expuesto a un seguimiento exhaustivo. Caminar y saber que hay quienes olfatean y siguen cada paso, que registran cada movimiento a la espera de un error, de alguna falla que atraviese el delgado cristal de la seguridad, y a\u00fan as\u00ed arrojarse y no claudicar es una muestra (y consecuencia) de valent\u00eda.<\/em><\/p>\n<p style=\"text-align: justify\" align=\"JUSTIFY\"><em>Es cierto que en el \u00e1mbito m\u00e1s t\u00e9cnico hay errores en los c\u00f3mo, pero, los por qu\u00e9, para m\u00ed, justifican cualquier cosa. Entregarse a la emocionalidad y los impulsos es digno de un guerrerx.<\/em><\/p>\n<p style=\"text-align: justify\" align=\"JUSTIFY\"><em>Kevin y Joaqu\u00edn son detenidos y acusados del ataque con artefactos explosivos a la Escuela de Gendarmer\u00eda de San Bernardo y a la 12\u00aa Comisar\u00eda de San Miguel. La vinculaci\u00f3n de Kevin conmigo se da a partir de las visitas que recib\u00ed por parte de mi hermano en estos meses. Esta aclaraci\u00f3n no es algo que los aparatos policiales no manejen.<\/em><\/p>\n<p style=\"text-align: justify\" align=\"JUSTIFY\"><em>Me llega la noticia estando en prisi\u00f3n y un dolor comprensible por nadie me ataca y a la vez me revitaliza. Saber que mis hermanxs, a pesar del hostigamiento invisible, no claudican y con coraje avanzan consecuentes con sus deseos, me renueva totalmente.<\/em><\/p>\n<p style=\"text-align: justify\" align=\"JUSTIFY\"><em>Hermanitxs, la c\u00e1rcel nos sale al encuentro y es aqu\u00ed, donde una vez m\u00e1s, nos enfrentamos a nosotrxs mismxs. Nos ponemos a prueba para, inevitablemente, salir victoriosxs. Y no hablo de andar en encuentros a muerte con gendarmes y dem\u00e1s presxs como algunxs espectadores esperan e idealizan acerca del cotidiano de lxs presxs \u00abanarquistas\u00bb, sino de mantener la fuerza, la dignidad y la inquebrantabilidad mental aqu\u00ed dentro.<\/em><\/p>\n<p style=\"text-align: justify\" align=\"JUSTIFY\"><em>\u00a1\u00a1\u00a1\u00a1MUERTE A LA INMUNDA VIDA CIUDADANA!!!<br \/>\n<\/em><em>\u00a1\u00a1\u00a1ABAJO LAS JAULAS DE LA SOCIEDAD CIVILIZADA!!!<\/em><\/p>\n<p style=\"text-align: justify\" align=\"JUSTIFY\"><strong><em>Ignacio Mu\u00f1oz<br \/>\n<\/em><em>M\u00f3dulo 33-Santiago Uno.<\/em><\/strong><\/p>\n<p style=\"text-align: justify\" align=\"JUSTIFY\"><a href=\"https:\/\/vozcomoarma.noblogs.org\/files\/2015\/12\/KJHU.jpg\"><img loading=\"lazy\" decoding=\"async\" class=\"aligncenter wp-image-9706 size-full\" src=\"https:\/\/vozcomoarma.noblogs.org\/files\/2015\/12\/KJHU.jpg\" alt=\"KJHU\" width=\"500\" height=\"330\" srcset=\"https:\/\/vozcomoarma.noblogs.org\/files\/2015\/12\/KJHU.jpg 500w, https:\/\/vozcomoarma.noblogs.org\/files\/2015\/12\/KJHU-300x198.jpg 300w\" sizes=\"auto, (max-width: 500px) 100vw, 500px\" \/><\/a><\/p>\n","protected":false},"excerpt":{"rendered":"<p>Recibo en el correo electr\u00f3nico las siguientes palabras del compa Ignacio Mu\u00f1oz, enviadas por compas del Colectivo Anticarcelario Vuelo de Justicia (CAVJ) desde alg\u00fan lugar de Chile. As\u00ed mismo, se incluye la nota aclaratoria adjunta al comunicado del compa, y &hellip; <a href=\"https:\/\/vozcomoarma.noblogs.org\/?p=9704\">Sigue leyendo <span class=\"meta-nav\">&rarr;<\/span><\/a><\/p>\n","protected":false},"author":7045,"featured_media":0,"comment_status":"closed","ping_status":"open","sticky":false,"template":"","format":"standard","meta":{"footnotes":""},"categories":[236,206,61,9,7],"tags":[17,78,16,26,24,19,11],"class_list":["post-9704","post","type-post","status-publish","format-standard","hentry","category-ignacio-munoz","category-juan-flores-riquelme","category-noticias","category-noticias-y-comunicados","category-presxs","tag-carcel","tag-chile","tag-guerra-social","tag-insurreccionalismo","tag-reflexion","tag-represion","tag-solidaridad"],"_links":{"self":[{"href":"https:\/\/vozcomoarma.noblogs.org\/index.php?rest_route=\/wp\/v2\/posts\/9704","targetHints":{"allow":["GET"]}}],"collection":[{"href":"https:\/\/vozcomoarma.noblogs.org\/index.php?rest_route=\/wp\/v2\/posts"}],"about":[{"href":"https:\/\/vozcomoarma.noblogs.org\/index.php?rest_route=\/wp\/v2\/types\/post"}],"author":[{"embeddable":true,"href":"https:\/\/vozcomoarma.noblogs.org\/index.php?rest_route=\/wp\/v2\/users\/7045"}],"replies":[{"embeddable":true,"href":"https:\/\/vozcomoarma.noblogs.org\/index.php?rest_route=%2Fwp%2Fv2%2Fcomments&post=9704"}],"version-history":[{"count":1,"href":"https:\/\/vozcomoarma.noblogs.org\/index.php?rest_route=\/wp\/v2\/posts\/9704\/revisions"}],"predecessor-version":[{"id":9707,"href":"https:\/\/vozcomoarma.noblogs.org\/index.php?rest_route=\/wp\/v2\/posts\/9704\/revisions\/9707"}],"wp:attachment":[{"href":"https:\/\/vozcomoarma.noblogs.org\/index.php?rest_route=%2Fwp%2Fv2%2Fmedia&parent=9704"}],"wp:term":[{"taxonomy":"category","embeddable":true,"href":"https:\/\/vozcomoarma.noblogs.org\/index.php?rest_route=%2Fwp%2Fv2%2Fcategories&post=9704"},{"taxonomy":"post_tag","embeddable":true,"href":"https:\/\/vozcomoarma.noblogs.org\/index.php?rest_route=%2Fwp%2Fv2%2Ftags&post=9704"}],"curies":[{"name":"wp","href":"https:\/\/api.w.org\/{rel}","templated":true}]}}