{"id":9874,"date":"2016-01-07T12:08:32","date_gmt":"2016-01-07T11:08:32","guid":{"rendered":"http:\/\/vozcomoarma.noblogs.org\/?p=9874"},"modified":"2016-01-07T12:09:14","modified_gmt":"2016-01-07T11:09:14","slug":"sabado-9-de-enero-xvi-marcha-a-la-prision-de-teixeiro","status":"publish","type":"post","link":"https:\/\/vozcomoarma.noblogs.org\/?p=9874","title":{"rendered":"S\u00e1bado 9 de enero &#8211; XVI Marcha a la prisi\u00f3n de Teixeiro"},"content":{"rendered":"<p style=\"text-align: justify\">Recibo en el correo electr\u00f3nico por fin y difundo la siguiente convocatoria, para una marcha anticarcelaria a la prisi\u00f3n de Teixeiro, para mostrar nuestro apoyo a las personas presas en lucha, y nuestro rechazo hacia la instituci\u00f3n penitenciaria.<\/p>\n<p style=\"text-align: justify\">Ser\u00e1 este s\u00e1bado, d\u00eda 9 de enero. La quedada es a las 17:00 en la gasolinera pr\u00f3xima a la c\u00e1rcel, en el kil\u00f3metro 63 de la carretera N634.<\/p>\n<p style=\"text-align: justify\"><a href=\"https:\/\/vozcomoarma.noblogs.org\/files\/2016\/01\/XVI-Marcha-a-Teixeiro-724x1024.jpg\"><img loading=\"lazy\" decoding=\"async\" class=\"aligncenter wp-image-9876 \" src=\"https:\/\/vozcomoarma.noblogs.org\/files\/2016\/01\/XVI-Marcha-a-Teixeiro-724x1024-724x1024.jpg\" alt=\"XVI-Marcha-a-Teixeiro-724x1024\" width=\"490\" height=\"693\" srcset=\"https:\/\/vozcomoarma.noblogs.org\/files\/2016\/01\/XVI-Marcha-a-Teixeiro-724x1024.jpg 724w, https:\/\/vozcomoarma.noblogs.org\/files\/2016\/01\/XVI-Marcha-a-Teixeiro-724x1024-212x300.jpg 212w\" sizes=\"auto, (max-width: 490px) 100vw, 490px\" \/><\/a><\/p>\n","protected":false},"excerpt":{"rendered":"<p>Recibo en el correo electr\u00f3nico por fin y difundo la siguiente convocatoria, para una marcha anticarcelaria a la prisi\u00f3n de Teixeiro, para mostrar nuestro apoyo a las personas presas en lucha, y nuestro rechazo hacia la instituci\u00f3n penitenciaria. Ser\u00e1 este &hellip; <a href=\"https:\/\/vozcomoarma.noblogs.org\/?p=9874\">Sigue leyendo <span class=\"meta-nav\">&rarr;<\/span><\/a><\/p>\n","protected":false},"author":7045,"featured_media":0,"comment_status":"closed","ping_status":"open","sticky":false,"template":"","format":"standard","meta":{"footnotes":""},"categories":[59,61,9],"tags":[17,18,16,42,19,11,71],"class_list":["post-9874","post","type-post","status-publish","format-standard","hentry","category-convocatorias","category-noticias","category-noticias-y-comunicados","tag-carcel","tag-galicia","tag-guerra-social","tag-movimientos-sociales","tag-represion","tag-solidaridad","tag-tortura"],"_links":{"self":[{"href":"https:\/\/vozcomoarma.noblogs.org\/index.php?rest_route=\/wp\/v2\/posts\/9874","targetHints":{"allow":["GET"]}}],"collection":[{"href":"https:\/\/vozcomoarma.noblogs.org\/index.php?rest_route=\/wp\/v2\/posts"}],"about":[{"href":"https:\/\/vozcomoarma.noblogs.org\/index.php?rest_route=\/wp\/v2\/types\/post"}],"author":[{"embeddable":true,"href":"https:\/\/vozcomoarma.noblogs.org\/index.php?rest_route=\/wp\/v2\/users\/7045"}],"replies":[{"embeddable":true,"href":"https:\/\/vozcomoarma.noblogs.org\/index.php?rest_route=%2Fwp%2Fv2%2Fcomments&post=9874"}],"version-history":[{"count":1,"href":"https:\/\/vozcomoarma.noblogs.org\/index.php?rest_route=\/wp\/v2\/posts\/9874\/revisions"}],"predecessor-version":[{"id":9877,"href":"https:\/\/vozcomoarma.noblogs.org\/index.php?rest_route=\/wp\/v2\/posts\/9874\/revisions\/9877"}],"wp:attachment":[{"href":"https:\/\/vozcomoarma.noblogs.org\/index.php?rest_route=%2Fwp%2Fv2%2Fmedia&parent=9874"}],"wp:term":[{"taxonomy":"category","embeddable":true,"href":"https:\/\/vozcomoarma.noblogs.org\/index.php?rest_route=%2Fwp%2Fv2%2Fcategories&post=9874"},{"taxonomy":"post_tag","embeddable":true,"href":"https:\/\/vozcomoarma.noblogs.org\/index.php?rest_route=%2Fwp%2Fv2%2Ftags&post=9874"}],"curies":[{"name":"wp","href":"https:\/\/api.w.org\/{rel}","templated":true}]}}