{"id":9975,"date":"2016-01-15T16:40:55","date_gmt":"2016-01-15T15:40:55","guid":{"rendered":"http:\/\/vozcomoarma.noblogs.org\/?p=9975"},"modified":"2016-01-15T16:40:55","modified_gmt":"2016-01-15T15:40:55","slug":"22-de-enero-jornada-internacional-de-solidaridad-con-lxs-presxs-queer-y-trans","status":"publish","type":"post","link":"https:\/\/vozcomoarma.noblogs.org\/?p=9975","title":{"rendered":"22 de enero, jornada internacional de solidaridad con lxs presxs queer y trans"},"content":{"rendered":"<p style=\"text-align: justify\">Sigue a continuaci\u00f3n el llamado a una jornada de solidaridad con lxs presxs trans, queer o no binarixs para el pr\u00f3ximo 22 de enero, y que fue recibido en el correo electr\u00f3nico:<\/p>\n<p style=\"text-align: justify\">&#8212;&#8212;&#8212;&#8212;&#8212;&#8212;&#8212;&#8212;&#8211;<\/p>\n<p style=\"text-align: justify\"><em>\u00danete a nosotrxs el 22 de enero de 2016<\/em><\/p>\n<p style=\"text-align: justify\"><em>El 22 de enero de 2016 ser\u00e1 el primer a\u00f1o de un d\u00eda de acci\u00f3n por lxs prisionerxs trans: un d\u00eda internacional de acci\u00f3n en solidaridad con prisionerxs trans.<\/em><\/p>\n<p style=\"text-align: justify\"><em>Este es un llamado a la acci\u00f3n contra el sistema que trata de borrar nuestra existencia. La supervivencia de personas trans y otras minor\u00edas sexuales no forma parte de una conversaci\u00f3n pintoresca, sino de nuestra lucha por vivir en un mundo decidido a marginar, deshumanizar y criminalizarnos -especialmente a las mujeres trans, y especialmente, personas trans nativas, negras y latinas.<\/em><\/p>\n<p style=\"text-align: justify\"><em>Se nos discrimina en todos los \u00e1mbitos de la sociedad, incluyendo la vivienda, la salud, el empleo. Nuestra supervivencia suele ser precaria y muchas de nosotras sobrevivimos con un trabajo criminalizado tambi\u00e9n, haci\u00e9ndonos m\u00e1s un blanco para el acoso\u00a0 policial, y el crimen de \u201ccaminar siendo trans.\u201d<\/em><\/p>\n<p style=\"text-align: justify\"><em>Una vez encarceladas, las personas trans se enfrentan a la humillaci\u00f3n, al abuso f\u00edsico y sexual, a la negaci\u00f3n de suplir sus necesidades m\u00e9dicas, y a represalias legales. Muchas personas trans son puestas en confinamiento solitario durante meses o a\u00f1os, s\u00f3lo por ser trans. Las mujeres trans son puestas generalmente en c\u00e1rceles de hombres, donde hay un riesgo mayor de sufrir violencia sexual.<\/em><\/p>\n<p style=\"text-align: justify\"><em>Al igual que nuestras vidas son violentamente reprimidas afuera, las personas trans experimentan el sufrimiento y la muerte dentro de los muros de las c\u00e1rceles, prisiones, centros juveniles y centros de detenci\u00f3n para inmigrantes.<\/em><\/p>\n<p style=\"text-align: justify\"><em>El d\u00eda de acci\u00f3n por lxs prisionerxs trans del 22 de enero es un d\u00eda para reconocer las experiencias de personas trans y de otras minor\u00edas sexuales. Es sobre colaboraci\u00f3n. Es sobre forjar nuevas relaciones y desmantelar el aislamiento de la prisi\u00f3n. Es sobre resistencia a la violencia estatal. Es sobre solidaridad entre quienes experimentan la violencia del sistema de primera mano y para quienes el Estado no ha llegado todav\u00eda.<\/em><\/p>\n<p style=\"text-align: justify\"><em>Muchos grupos abolicionistas y de apoyo a presxs de todo el mundo hacen un excelente trabajo escribiendo cartas a prisionerxs, educando al p\u00fablico con cartas a editores y art\u00edculos para los medios, llevando a cabo protestas y marchas, la organizaci\u00f3n de las comunidades queer para hacer llamadas masivamente y exigir que lxs presxs trans sean tratadxs con respeto y dignidad, y por el fin de su detenci\u00f3n. El d\u00eda de acci\u00f3n por las personas trans tiene como objetivo hacer accesible este trabajo a cualquier persona que quiera apoyar -animamos a hacer vigilias para quienes en nuestras comunidades han sufrido la violencia estatal, a celebrar un evento, invitar ponentes, proyectar videos y realizar talleres para difundir el tema de las experiencias de lxs presxs trans, compartir conocimiento, y construir estrategias de resistencia. Hacer fiestas y recaudar fondos para las personas y grupos que ya est\u00e1n llevando a cabo un trabajo incre\u00edble. Actuemos. Un\u00e1monos y mostremos nuestra convicci\u00f3n de apoyarnos unxs a otrxs, poniendo fin a las prisiones de una vez por todas.<\/em><\/p>\n<p style=\"text-align: justify\"><em>Este proyecto fue imaginado por primera vez por Marius Mason, prisionero trans de Texas, Estados Unidos. Desde entonces, a trav\u00e9s de sus amigxs y su grupo de apoyo, un colectivo internacional de personas, dentro y fuera de los muros de la prisi\u00f3n se han unido para hacer del d\u00eda de acci\u00f3n por lxs prisionerxs trans, una realidad. Somos personas trans y no-trans, amigxs y simpatizantes. Nos unimos en una larga tradici\u00f3n de personas queer y trans que resisten a la violencia estatal.<\/em><\/p>\n<p style=\"text-align: justify\"><em>\u00danete a nosotrxs en la lucha por la libertad.<\/em><\/p>\n<p style=\"text-align: justify\"><em><a href=\"http:\/\/transprisoners.net\/\" target=\"_blank\">transprisoners.net<\/a><\/em><\/p>\n<p style=\"text-align: justify\"><a href=\"https:\/\/vozcomoarma.noblogs.org\/files\/2016\/01\/69-20-comments-transprison.jpg\"><img loading=\"lazy\" decoding=\"async\" class=\" wp-image-9976 aligncenter\" src=\"https:\/\/vozcomoarma.noblogs.org\/files\/2016\/01\/69-20-comments-transprison-240x300.jpg\" alt=\"69-20-comments-transprison\" width=\"310\" height=\"388\" srcset=\"https:\/\/vozcomoarma.noblogs.org\/files\/2016\/01\/69-20-comments-transprison-240x300.jpg 240w, https:\/\/vozcomoarma.noblogs.org\/files\/2016\/01\/69-20-comments-transprison-819x1024.jpg 819w\" sizes=\"auto, (max-width: 310px) 100vw, 310px\" \/><\/a><\/p>\n","protected":false},"excerpt":{"rendered":"<p>Sigue a continuaci\u00f3n el llamado a una jornada de solidaridad con lxs presxs trans, queer o no binarixs para el pr\u00f3ximo 22 de enero, y que fue recibido en el correo electr\u00f3nico: &#8212;&#8212;&#8212;&#8212;&#8212;&#8212;&#8212;&#8212;&#8211; \u00danete a nosotrxs el 22 de enero &hellip; <a href=\"https:\/\/vozcomoarma.noblogs.org\/?p=9975\">Sigue leyendo <span class=\"meta-nav\">&rarr;<\/span><\/a><\/p>\n","protected":false},"author":7045,"featured_media":0,"comment_status":"closed","ping_status":"open","sticky":false,"template":"","format":"standard","meta":{"footnotes":""},"categories":[58,228,61,9,7],"tags":[49,16,82,42,24,19,11,71],"class_list":["post-9975","post","type-post","status-publish","format-standard","hentry","category-acciones","category-marius-mason","category-noticias","category-noticias-y-comunicados","category-presxs","tag-anti-sexismo","tag-guerra-social","tag-machirulismo-abusos-de-genero","tag-movimientos-sociales","tag-reflexion","tag-represion","tag-solidaridad","tag-tortura"],"_links":{"self":[{"href":"https:\/\/vozcomoarma.noblogs.org\/index.php?rest_route=\/wp\/v2\/posts\/9975","targetHints":{"allow":["GET"]}}],"collection":[{"href":"https:\/\/vozcomoarma.noblogs.org\/index.php?rest_route=\/wp\/v2\/posts"}],"about":[{"href":"https:\/\/vozcomoarma.noblogs.org\/index.php?rest_route=\/wp\/v2\/types\/post"}],"author":[{"embeddable":true,"href":"https:\/\/vozcomoarma.noblogs.org\/index.php?rest_route=\/wp\/v2\/users\/7045"}],"replies":[{"embeddable":true,"href":"https:\/\/vozcomoarma.noblogs.org\/index.php?rest_route=%2Fwp%2Fv2%2Fcomments&post=9975"}],"version-history":[{"count":1,"href":"https:\/\/vozcomoarma.noblogs.org\/index.php?rest_route=\/wp\/v2\/posts\/9975\/revisions"}],"predecessor-version":[{"id":9977,"href":"https:\/\/vozcomoarma.noblogs.org\/index.php?rest_route=\/wp\/v2\/posts\/9975\/revisions\/9977"}],"wp:attachment":[{"href":"https:\/\/vozcomoarma.noblogs.org\/index.php?rest_route=%2Fwp%2Fv2%2Fmedia&parent=9975"}],"wp:term":[{"taxonomy":"category","embeddable":true,"href":"https:\/\/vozcomoarma.noblogs.org\/index.php?rest_route=%2Fwp%2Fv2%2Fcategories&post=9975"},{"taxonomy":"post_tag","embeddable":true,"href":"https:\/\/vozcomoarma.noblogs.org\/index.php?rest_route=%2Fwp%2Fv2%2Ftags&post=9975"}],"curies":[{"name":"wp","href":"https:\/\/api.w.org\/{rel}","templated":true}]}}